{"id":2317,"date":"2022-11-16T11:27:08","date_gmt":"2022-11-16T10:27:08","guid":{"rendered":"https:\/\/enportal.lichtblick.dev\/connect\/presse\/enportal-hat-aktuelle-netzentgelte-und-umlagen-fuer-2023-im-onlineportal-hinterlegt\/"},"modified":"2024-01-24T11:07:24","modified_gmt":"2024-01-24T10:07:24","slug":"enportal-hat-aktuelle-netzentgelte-und-umlagen-fuer-2023-im-onlineportal-hinterlegt","status":"publish","type":"post","link":"https:\/\/www.enportal.de\/connect\/en\/presse\/enportal-hat-aktuelle-netzentgelte-und-umlagen-fuer-2023-im-onlineportal-hinterlegt\/","title":{"rendered":"enPORTAL has deposited the current grid charges and levies for 2023 in the online portal"},"content":{"rendered":"<p>&nbsp;<\/p>\n<h2>Grid fees rise by around 20 percent<\/h2>\n<p>The year 2023 will once again be more expensive for many companies in the industrial and commercial sectors. The grid charges will increase by an average of approx. 20 % for power-metered customers depending on the voltage level and the power. Until the end of the year, the grid charges can be changed by the Federal Network Agency, but with the provisional values you can start your economic planning and better estimate the expected energy costs. Should there be changes to the grid charges as part of the relief package from the federal government, further information will of course follow once new legislation has been passed.<\/p>\n<p>All enPORTAL customers can see all the current values stored in their account in the online portal and can already start economic planning. The individual costs and components are listed separately and are transparent.<\/p>\n<p>Enclosed we have summarised the most important changes in taxes, levies and apportionments in 2023 in a table:<br style=\"mso-special-character: line-break;\" \/><br style=\"mso-special-character: line-break;\" \/><\/p>\n<h3>All changes at a glance<\/h3>\n<p><img loading=\"lazy\" decoding=\"async\" class=\"alignnone wp-image-2644 size-full\" src=\"https:\/\/www.enportal.de\/connect\/wp-content\/uploads\/2022\/11\/enPORTAL-connect-Umlagen-2023.png\" alt=\"\" width=\"1414\" height=\"2000\" srcset=\"https:\/\/www.enportal.de\/connect\/wp-content\/uploads\/2022\/11\/enPORTAL-connect-Umlagen-2023.png 1414w, https:\/\/www.enportal.de\/connect\/wp-content\/uploads\/2022\/11\/enPORTAL-connect-Umlagen-2023-212x300.png 212w, https:\/\/www.enportal.de\/connect\/wp-content\/uploads\/2022\/11\/enPORTAL-connect-Umlagen-2023-724x1024.png 724w, https:\/\/www.enportal.de\/connect\/wp-content\/uploads\/2022\/11\/enPORTAL-connect-Umlagen-2023-768x1086.png 768w, https:\/\/www.enportal.de\/connect\/wp-content\/uploads\/2022\/11\/enPORTAL-connect-Umlagen-2023-1086x1536.png 1086w\" sizes=\"auto, (max-width: 1414px) 100vw, 1414px\" \/><\/p>\n<p>&nbsp;<\/p>\n<p>&nbsp;<\/p>\n<p>In addition, the suspension of the SESTA increase for 2023 was confirmed by the Federal Council on 28 October. This means that the gradual increase in the SESTA levy will be postponed by one year at a time, which is taken into account in the cost calculations in the enPORTAL.<\/p>\n<p>&nbsp;<\/p>","protected":false},"excerpt":{"rendered":"<p>&nbsp; Netzentgelte steigen um rund 20 Prozent Das Jahr 2023 wird f\u00fcr viele Unternehmen aus den Bereichen Industrie und Gewerbe wieder einmal teurer werden. Die Netzentgelte erh\u00f6hen sich f\u00fcr leistungsgemessene Kunden durchschnittlich um ca. 20 % in Abh\u00e4ngigkeit der Spannungsebene und der Leistung. Bis zum Jahresende k\u00f6nnen die Netzentgelte von der Bundesnetzagentur ver\u00e4ndert werden, aber [&hellip;]<\/p>\n","protected":false},"author":5,"featured_media":2632,"comment_status":"closed","ping_status":"closed","sticky":false,"template":"","format":"standard","meta":{"_acf_changed":false,"inline_featured_image":false,"footnotes":""},"categories":[7,5],"tags":[87,90,45,46],"class_list":["post-2317","post","type-post","status-publish","format-standard","has-post-thumbnail","hentry","category-markttrends","category-insights","tag-netzbetreiber","tag-netzentgelt-strom","tag-netzentgelte","tag-netzentgeltkosten"],"acf":[],"_links":{"self":[{"href":"https:\/\/www.enportal.de\/connect\/en\/wp-json\/wp\/v2\/posts\/2317","targetHints":{"allow":["GET"]}}],"collection":[{"href":"https:\/\/www.enportal.de\/connect\/en\/wp-json\/wp\/v2\/posts"}],"about":[{"href":"https:\/\/www.enportal.de\/connect\/en\/wp-json\/wp\/v2\/types\/post"}],"author":[{"embeddable":true,"href":"https:\/\/www.enportal.de\/connect\/en\/wp-json\/wp\/v2\/users\/5"}],"replies":[{"embeddable":true,"href":"https:\/\/www.enportal.de\/connect\/en\/wp-json\/wp\/v2\/comments?post=2317"}],"version-history":[{"count":5,"href":"https:\/\/www.enportal.de\/connect\/en\/wp-json\/wp\/v2\/posts\/2317\/revisions"}],"predecessor-version":[{"id":2646,"href":"https:\/\/www.enportal.de\/connect\/en\/wp-json\/wp\/v2\/posts\/2317\/revisions\/2646"}],"wp:featuredmedia":[{"embeddable":true,"href":"https:\/\/www.enportal.de\/connect\/en\/wp-json\/wp\/v2\/media\/2632"}],"wp:attachment":[{"href":"https:\/\/www.enportal.de\/connect\/en\/wp-json\/wp\/v2\/media?parent=2317"}],"wp:term":[{"taxonomy":"category","embeddable":true,"href":"https:\/\/www.enportal.de\/connect\/en\/wp-json\/wp\/v2\/categories?post=2317"},{"taxonomy":"post_tag","embeddable":true,"href":"https:\/\/www.enportal.de\/connect\/en\/wp-json\/wp\/v2\/tags?post=2317"}],"curies":[{"name":"wp","href":"https:\/\/api.w.org\/{rel}","templated":true}]}}