{"id":3201,"date":"2024-02-15T10:46:51","date_gmt":"2024-02-15T09:46:51","guid":{"rendered":"https:\/\/www.enportal.de\/connect\/?p=3201"},"modified":"2024-02-15T10:48:07","modified_gmt":"2024-02-15T09:48:07","slug":"gastbeitrag-in-beschaffung-aktuell-zum-thema-der-energiemarkt-nach-der-krise","status":"publish","type":"post","link":"https:\/\/www.enportal.de\/connect\/en\/presse\/gastbeitrag-in-beschaffung-aktuell-zum-thema-der-energiemarkt-nach-der-krise\/","title":{"rendered":"Guest article in Beschaffung Aktuell on the topic: The energy market after the crisis"},"content":{"rendered":"<h2>Guest article on the topic: The energy market after the crisis<\/h2>\n<p>We are delighted that our guest article has been published in the Jan\/Feb 2024 issue of Beschaffung aktuell. In the article, we shed light on developments since coronavirus and in the wake of the energy crisis, highlighting the changes that have taken place in the energy market and what energy buyers should know when making their electricity and gas purchases for the coming years.<\/p>\n<h3>You can view the full article as a PDF here:<\/h3>\n<p><a href=\"https:\/\/www.enportal.de\/connect\/wp-content\/uploads\/2024\/02\/Beschaffung_aktuell_1-2-2024-enPORTAL_Energiemarkt_Krise.pdf\"><strong>procurement_news_1-2-2024-enPORTAL_energy_market_crisis<\/strong><\/a><\/p>\n<p>You can also find the article online at Beschaffung aktuell under the following link: <strong><a href=\"https:\/\/beschaffung-aktuell.industrie.de\/energieeinkauf\/der-energiemarkt-nach-der-krise\/\" target=\"_blank\" rel=\"noopener\">https:\/\/beschaffung-aktuell.industrie.de\/energieeinkauf\/der-energiemarkt-nach-der-krise\/<\/a><\/strong><\/p>","protected":false},"excerpt":{"rendered":"<p>Gastbeitrag zum Thema: Der Energiemarkt nach der Krise Wir freuen uns sehr \u00fcber die sch\u00f6ne Ver\u00f6ffentlichung unseres Gastbeitrags in der Jan\/Feb. 2024 Ausgabe von Beschaffung aktuell. In dem Artikel beleuchten wir die Entwicklungen seit Corona und im Zuge der Energiekrise und zeigen auf, welche Ver\u00e4nderungen sich im Energiemarkt ergeben haben und was Energieeink\u00e4ufer\/-innen wissen sollten, [&hellip;]<\/p>\n","protected":false},"author":5,"featured_media":3202,"comment_status":"open","ping_status":"open","sticky":false,"template":"","format":"standard","meta":{"_acf_changed":false,"inline_featured_image":false,"footnotes":""},"categories":[6],"tags":[66,68,40,108,107],"class_list":["post-3201","post","type-post","status-publish","format-standard","has-post-thumbnail","hentry","category-presse","tag-energieeinkauf","tag-energiekrise","tag-energiemarkt","tag-gaseinkauf","tag-stromeinkauf"],"acf":[],"_links":{"self":[{"href":"https:\/\/www.enportal.de\/connect\/en\/wp-json\/wp\/v2\/posts\/3201","targetHints":{"allow":["GET"]}}],"collection":[{"href":"https:\/\/www.enportal.de\/connect\/en\/wp-json\/wp\/v2\/posts"}],"about":[{"href":"https:\/\/www.enportal.de\/connect\/en\/wp-json\/wp\/v2\/types\/post"}],"author":[{"embeddable":true,"href":"https:\/\/www.enportal.de\/connect\/en\/wp-json\/wp\/v2\/users\/5"}],"replies":[{"embeddable":true,"href":"https:\/\/www.enportal.de\/connect\/en\/wp-json\/wp\/v2\/comments?post=3201"}],"version-history":[{"count":3,"href":"https:\/\/www.enportal.de\/connect\/en\/wp-json\/wp\/v2\/posts\/3201\/revisions"}],"predecessor-version":[{"id":3206,"href":"https:\/\/www.enportal.de\/connect\/en\/wp-json\/wp\/v2\/posts\/3201\/revisions\/3206"}],"wp:featuredmedia":[{"embeddable":true,"href":"https:\/\/www.enportal.de\/connect\/en\/wp-json\/wp\/v2\/media\/3202"}],"wp:attachment":[{"href":"https:\/\/www.enportal.de\/connect\/en\/wp-json\/wp\/v2\/media?parent=3201"}],"wp:term":[{"taxonomy":"category","embeddable":true,"href":"https:\/\/www.enportal.de\/connect\/en\/wp-json\/wp\/v2\/categories?post=3201"},{"taxonomy":"post_tag","embeddable":true,"href":"https:\/\/www.enportal.de\/connect\/en\/wp-json\/wp\/v2\/tags?post=3201"}],"curies":[{"name":"wp","href":"https:\/\/api.w.org\/{rel}","templated":true}]}}