{"id":3225,"date":"2024-02-22T12:18:51","date_gmt":"2024-02-22T11:18:51","guid":{"rendered":"https:\/\/www.enportal.de\/connect\/?p=3225"},"modified":"2024-02-26T09:24:59","modified_gmt":"2024-02-26T08:24:59","slug":"meldepflicht-gemaess-%c2%a7-19-abs-2-stromnev-umlage-zum-31-03-2024-nicht-versaeumen","status":"publish","type":"post","link":"https:\/\/www.enportal.de\/connect\/presse\/meldepflicht-gemaess-%c2%a7-19-abs-2-stromnev-umlage-zum-31-03-2024-nicht-versaeumen\/","title":{"rendered":"Meldepflicht gem\u00e4\u00df \u00a7 19 Abs. 2 StromNEV-Umlage zum 31.03.2024 nicht vers\u00e4umen!"},"content":{"rendered":"<p>Wir m\u00f6chten auf eine wichtige Information f\u00fcr Unternehmen aus den Bereichen Industrie, Mittelstand oder Gewerbe hinweisen: Die <strong>Meldepflicht gem\u00e4\u00df \u00a7 19 Abs. 2 StromNEV<\/strong> steht an. Das Gesetz sieht vor, dass Letztverbraucher mit einem Jahresverbrauch \u00fcber 1.000.000 kWh je Abnahmestelle bis sp\u00e4testens zum <strong>31.03.2024<\/strong> den im Jahr 2023 aus dem Netz bezogenen und selbst verbrauchten Strom an ihren jeweiligen Netzbetreiber melden.<\/p>\n<p>&nbsp;<\/p>\n<p><img loading=\"lazy\" decoding=\"async\" class=\"alignnone size-large wp-image-3239\" src=\"https:\/\/www.enportal.de\/connect\/wp-content\/uploads\/2024\/02\/Meldefrist19-StromNEV-Umlage-2024-1024x724.png\" alt=\"\" width=\"1024\" height=\"724\" srcset=\"https:\/\/www.enportal.de\/connect\/wp-content\/uploads\/2024\/02\/Meldefrist19-StromNEV-Umlage-2024-1024x724.png 1024w, https:\/\/www.enportal.de\/connect\/wp-content\/uploads\/2024\/02\/Meldefrist19-StromNEV-Umlage-2024-300x212.png 300w, https:\/\/www.enportal.de\/connect\/wp-content\/uploads\/2024\/02\/Meldefrist19-StromNEV-Umlage-2024-768x543.png 768w, https:\/\/www.enportal.de\/connect\/wp-content\/uploads\/2024\/02\/Meldefrist19-StromNEV-Umlage-2024-1536x1086.png 1536w, https:\/\/www.enportal.de\/connect\/wp-content\/uploads\/2024\/02\/Meldefrist19-StromNEV-Umlage-2024-2048x1448.png 2048w, https:\/\/www.enportal.de\/connect\/wp-content\/uploads\/2024\/02\/Meldefrist19-StromNEV-Umlage-2024-18x12.png 18w\" sizes=\"auto, (max-width: 1024px) 100vw, 1024px\" \/><\/p>\n<p>F\u00fcr die \u00fcber 1.000.000 kWh hinausgehenden, selbst verbrauchten Strommengen im Jahr 2023 erfolgt dann die Beg\u00fcnstigung der Umlage nach \u00a7 19 Abs. 2 StromNEV in der Letztverbrauchergruppe B:<\/p>\n<p><b>LV Gruppe A*: 0,417 ct\/kWh (netto)<\/b><br \/>\n<b>LV Gruppe B*: 0,050 ct\/kWh (netto)<br \/>\nLV Gruppe C*: 0,025 ct\/kWh (netto)<\/b><\/p>\n<p><strong>Letztverbrauchergruppe A*<\/strong><\/p>\n<p>Strommengen von Letztverbrauchern f\u00fcr die jeweils ersten 1.000.000 kWh je Verbrauchsstelle.<\/p>\n<p><strong>Letztverbrauchergruppe B*<\/strong><\/p>\n<p>Letztverbraucher, deren Jahresverbrauch an einer Verbrauchsstelle 1.000.000 kWh \u00fcbersteigt, zahlen zus\u00e4tzlich f\u00fcr \u00fcber 1.000.000 kWh hinausgehende Strombez\u00fcge eine maximale \u00a7 19 StromNEV-Umlage von 0,050 ct\/kWh.<\/p>\n<p><strong>Letztverbrauchergruppe C*<\/strong><\/p>\n<p>Letztverbraucher, die dem produzierenden Gewerbe, dem schienengebundenen Verkehr oder der Eisenbahninfrastruktur zuzuordnen sind und deren Stromkosten im vorangegangenen Kalenderjahr 4 Prozent des Umsatzes \u00fcberstiegen haben, zahlen f\u00fcr \u00fcber 1.000.000 kWh hinausgehende Strombez\u00fcge eine maximale \u00a7 19 StromNEV-Umlage von 0,025 ct\/kWh.<br \/>\nUnternehmen k\u00f6nnen sich die Letztverbrauchergruppe C* auf Basis des Vorjahres durch einen Wirtschaftspr\u00fcfer oder einen vereidigten Buchpr\u00fcfer zertifizieren lassen. Bis 31.03. des Jahres muss das Wirtschaftspr\u00fcfertestat an den \u00f6rtlichen Netzbetreiber gesandt werden.<\/p>\n<p><strong>Meldung bis 31. M\u00e4rz 2024 nicht vers\u00e4umen!<\/strong><\/p>\n<p>Sofern Sie den aus dem Netz bezogenen Strom nicht vollst\u00e4ndig selbst verbraucht haben, m\u00fcssen Sie dem Netzbetreiber die im Jahr 2023 an Dritte weitergeleiteten Strommengen mitteilen. Die meisten Netzbetreiber bieten hierzu auf ihrer Website einen Meldebogen zum Ausf\u00fcllen an. F\u00fcr die an Dritte weitergeleitete Strommenge k\u00f6nnen keine Beg\u00fcnstigungen der Umlagen in Anspruch genommen werden. Diese nicht selbst verbrauchten Strommengen m\u00fcssen \u00fcber geeichte Z\u00e4hler gem\u00e4\u00df \u00a7 33 Abs. 2 MessEG erfasst werden.<\/p>\n<p>Die Privilegierung f\u00fcr Mengen &gt;1.000.000 kWh\/a besteht nur noch f\u00fcr die \u00a7 19 StromNEV-Umlage. Andere Umlagen sind von dieser Regelung ausgenommen.<\/p>\n<p>Wichtiger Hinweis<\/p>\n<p><strong>Es wird dringend empfohlen, diese Meldung auch dann abzugeben, wenn Ihnen bereits der reduzierte Satz in Rechnung gestellt wurde. Bei fehlender Meldung besteht die Gefahr, dass der Netzbetreiber r\u00fcckwirkend den h\u00f6heren Satz einfordert.<\/strong><\/p>\n<p>Sollten Sie Fragen haben oder weitere Informationen w\u00fcnschen, melden Sie sich gerne bei uns oder vereinbaren Sie direkt einen Online-Termin.<\/p>\n","protected":false},"excerpt":{"rendered":"<p>Wir m\u00f6chten auf eine wichtige Information f\u00fcr Unternehmen aus den Bereichen Industrie, Mittelstand oder Gewerbe hinweisen: Die Meldepflicht gem\u00e4\u00df \u00a7 19 Abs. 2 StromNEV steht an. Das Gesetz sieht vor, dass Letztverbraucher mit einem Jahresverbrauch \u00fcber 1.000.000 kWh je Abnahmestelle bis sp\u00e4testens zum 31.03.2024 den im Jahr 2023 aus dem Netz bezogenen und selbst verbrauchten [&hellip;]<\/p>\n","protected":false},"author":5,"featured_media":3228,"comment_status":"open","ping_status":"open","sticky":false,"template":"","format":"standard","meta":{"_acf_changed":false,"inline_featured_image":false,"footnotes":""},"categories":[7,105],"tags":[112,115,113,116,114],"class_list":["post-3225","post","type-post","status-publish","format-standard","has-post-thumbnail","hentry","category-markttrends","category-energiewissen","tag--19-abs-2-stromnev","tag-strombezug","tag-strommenge","tag-stromnev-umlage","tag-stromverbrauch"],"acf":[],"_links":{"self":[{"href":"https:\/\/www.enportal.de\/connect\/wp-json\/wp\/v2\/posts\/3225","targetHints":{"allow":["GET"]}}],"collection":[{"href":"https:\/\/www.enportal.de\/connect\/wp-json\/wp\/v2\/posts"}],"about":[{"href":"https:\/\/www.enportal.de\/connect\/wp-json\/wp\/v2\/types\/post"}],"author":[{"embeddable":true,"href":"https:\/\/www.enportal.de\/connect\/wp-json\/wp\/v2\/users\/5"}],"replies":[{"embeddable":true,"href":"https:\/\/www.enportal.de\/connect\/wp-json\/wp\/v2\/comments?post=3225"}],"version-history":[{"count":3,"href":"https:\/\/www.enportal.de\/connect\/wp-json\/wp\/v2\/posts\/3225\/revisions"}],"predecessor-version":[{"id":3250,"href":"https:\/\/www.enportal.de\/connect\/wp-json\/wp\/v2\/posts\/3225\/revisions\/3250"}],"wp:featuredmedia":[{"embeddable":true,"href":"https:\/\/www.enportal.de\/connect\/wp-json\/wp\/v2\/media\/3228"}],"wp:attachment":[{"href":"https:\/\/www.enportal.de\/connect\/wp-json\/wp\/v2\/media?parent=3225"}],"wp:term":[{"taxonomy":"category","embeddable":true,"href":"https:\/\/www.enportal.de\/connect\/wp-json\/wp\/v2\/categories?post=3225"},{"taxonomy":"post_tag","embeddable":true,"href":"https:\/\/www.enportal.de\/connect\/wp-json\/wp\/v2\/tags?post=3225"}],"curies":[{"name":"wp","href":"https:\/\/api.w.org\/{rel}","templated":true}]}}