{"id":3692,"date":"2024-06-17T15:06:23","date_gmt":"2024-06-17T13:06:23","guid":{"rendered":"https:\/\/www.enportal.de\/connect\/?p=3692"},"modified":"2024-07-01T14:11:59","modified_gmt":"2024-07-01T12:11:59","slug":"energiepreisbremsen-meldefrist-bis-zum-30-juni-2024-beachten","status":"publish","type":"post","link":"https:\/\/www.enportal.de\/connect\/presse\/energiepreisbremsen-meldefrist-bis-zum-30-juni-2024-beachten\/","title":{"rendered":"Energiepreisbremsen &#8211; Meldefrist bis zum 30. Juni 2024 beachten"},"content":{"rendered":"<p>Alle Unternehmen, die f\u00fcr das Kalenderjahr 2023 eine Gesamtentlastung aus der Preisbremse von mehr als 100.000 \u20ac erhalten haben, m\u00fcssen bis zum 30.06.2024 eine Datenmeldung an den \u00dcbertragungsnetzbetreiber \u00fcbermitteln &#8211; dies erfolgt \u00fcber die Meldeplattform f\u00fcr Transparenzmeldungen (TAM).<\/p>\n<p>Die Kundinnen und Kunden von enPORTAL connect wurden mit einer Kundennews und bereits im letzten Jahr im Rahmen eines Webinars \u00fcber die Fristen informiert. Die Vermittlung von Energiewissen und Updates zu Entwicklungen auf dem Energiemarkt sind fester Bestandteil unseres Kundenservices.<\/p>\n<p>Sie wollen mehr \u00fcber uns erfahren? Melden Sie sich gerne bei uns und nehmen pers\u00f6nlich Kontakt auf.<\/p>\n","protected":false},"excerpt":{"rendered":"<p>Alle Unternehmen, die f\u00fcr das Kalenderjahr 2023 eine Gesamtentlastung aus der Preisbremse von mehr als 100.000 \u20ac erhalten haben, m\u00fcssen bis zum 30.06.2024 eine Datenmeldung an den \u00dcbertragungsnetzbetreiber \u00fcbermitteln &#8211; dies erfolgt \u00fcber die Meldeplattform f\u00fcr Transparenzmeldungen (TAM). Die Kundinnen und Kunden von enPORTAL connect wurden mit einer Kundennews und bereits im letzten Jahr im [&hellip;]<\/p>\n","protected":false},"author":5,"featured_media":3693,"comment_status":"open","ping_status":"open","sticky":false,"template":"","format":"standard","meta":{"_acf_changed":false,"inline_featured_image":false,"footnotes":""},"categories":[7],"tags":[143,144,108,145,107],"class_list":["post-3692","post","type-post","status-publish","format-standard","has-post-thumbnail","hentry","category-markttrends","tag-energiepreisbremse","tag-energiepreisbremsen","tag-gaseinkauf","tag-meldefrist","tag-stromeinkauf"],"acf":[],"_links":{"self":[{"href":"https:\/\/www.enportal.de\/connect\/wp-json\/wp\/v2\/posts\/3692","targetHints":{"allow":["GET"]}}],"collection":[{"href":"https:\/\/www.enportal.de\/connect\/wp-json\/wp\/v2\/posts"}],"about":[{"href":"https:\/\/www.enportal.de\/connect\/wp-json\/wp\/v2\/types\/post"}],"author":[{"embeddable":true,"href":"https:\/\/www.enportal.de\/connect\/wp-json\/wp\/v2\/users\/5"}],"replies":[{"embeddable":true,"href":"https:\/\/www.enportal.de\/connect\/wp-json\/wp\/v2\/comments?post=3692"}],"version-history":[{"count":1,"href":"https:\/\/www.enportal.de\/connect\/wp-json\/wp\/v2\/posts\/3692\/revisions"}],"predecessor-version":[{"id":3694,"href":"https:\/\/www.enportal.de\/connect\/wp-json\/wp\/v2\/posts\/3692\/revisions\/3694"}],"wp:featuredmedia":[{"embeddable":true,"href":"https:\/\/www.enportal.de\/connect\/wp-json\/wp\/v2\/media\/3693"}],"wp:attachment":[{"href":"https:\/\/www.enportal.de\/connect\/wp-json\/wp\/v2\/media?parent=3692"}],"wp:term":[{"taxonomy":"category","embeddable":true,"href":"https:\/\/www.enportal.de\/connect\/wp-json\/wp\/v2\/categories?post=3692"},{"taxonomy":"post_tag","embeddable":true,"href":"https:\/\/www.enportal.de\/connect\/wp-json\/wp\/v2\/tags?post=3692"}],"curies":[{"name":"wp","href":"https:\/\/api.w.org\/{rel}","templated":true}]}}