{"id":5085,"date":"2025-03-26T09:24:32","date_gmt":"2025-03-26T08:24:32","guid":{"rendered":"https:\/\/www.enportal.de\/connect\/?p=5085"},"modified":"2025-03-26T09:38:58","modified_gmt":"2025-03-26T08:38:58","slug":"bayerisches-energieforum-treffen-sie-enportal-vor-ort","status":"publish","type":"post","link":"https:\/\/www.enportal.de\/connect\/presse\/bayerisches-energieforum-treffen-sie-enportal-vor-ort\/","title":{"rendered":"Bayerisches EnergieForum: Treffen Sie enPORTAL vor Ort!"},"content":{"rendered":"<h2 data-start=\"144\" data-end=\"350\">enPORTAL mit Messestand und Vortrag vertreten<\/h2>\n<p>&nbsp;<\/p>\n<p class=\"\" data-start=\"144\" data-end=\"350\">Wir freuen uns, bekannt zu geben, dass wir mit unserem Unternehmen auf dem 16. Bayerischen EnergieForum vertreten sein werden! Am 2. April 2025 finden Sie uns mit unserem Messestand in der Stadthalle Gunzenhausen.<\/p>\n<p data-start=\"144\" data-end=\"350\">Um 10:30 Uhr bis 11:00 Uhr halten wir gemeinsam mit Stefan Graf, Direktor Bayerischer Gemeindetag, einen Vortrag zum Thema:<\/p>\n<blockquote>\n<h3>Der digitale Wandel in der Energiebeschaffung: Wie der Bayerische Gemeindetag ihn mit der enPORTAL GmbH gestaltet<\/h3>\n<p>&nbsp;<\/p><\/blockquote>\n<p class=\"\" data-start=\"352\" data-end=\"652\">Nutzen Sie die Gelegenheit, unser Team pers\u00f6nlich kennenzulernen, spannende Einblicke in unsere aktuellen Projekte zu erhalten und sich \u00fcber unsere Dienstleistung zu informieren. Wir freuen uns auf inspirierende Gespr\u00e4che, neue Kontakte und den fachlichen Austausch mit Ihnen!<\/p>\n<p class=\"\" data-start=\"654\" data-end=\"706\">Kommen Sie vorbei \u2013 wir freuen uns auf Ihren Besuch!<\/p>\n<p data-start=\"654\" data-end=\"706\">Hier finden Sie alle weiteren Informationen sowie die Anmeldung:<\/p>\n<p><a href=\"https:\/\/www.bayerisches-energieforum.de\/\" target=\"_blank\" rel=\"noopener\">https:\/\/www.bayerisches-energieforum.de\/<\/a><\/p>\n","protected":false},"excerpt":{"rendered":"<p>enPORTAL mit Messestand und Vortrag vertreten &nbsp; Wir freuen uns, bekannt zu geben, dass wir mit unserem Unternehmen auf dem 16. Bayerischen EnergieForum vertreten sein werden! Am 2. April 2025 finden Sie uns mit unserem Messestand in der Stadthalle Gunzenhausen. Um 10:30 Uhr bis 11:00 Uhr halten wir gemeinsam mit Stefan Graf, Direktor Bayerischer Gemeindetag, [&hellip;]<\/p>\n","protected":false},"author":5,"featured_media":5093,"comment_status":"open","ping_status":"open","sticky":false,"template":"","format":"standard","meta":{"_acf_changed":false,"inline_featured_image":false,"footnotes":""},"categories":[5,6],"tags":[172,66,171,108,173,174,175,107],"class_list":["post-5085","post","type-post","status-publish","format-standard","has-post-thumbnail","hentry","category-insights","category-presse","tag-energie","tag-energieeinkauf","tag-energieforum","tag-gaseinkauf","tag-messe","tag-oeffentlich-rechtlich","tag-oeffentliche-auftraggeber","tag-stromeinkauf"],"acf":[],"_links":{"self":[{"href":"https:\/\/www.enportal.de\/connect\/wp-json\/wp\/v2\/posts\/5085","targetHints":{"allow":["GET"]}}],"collection":[{"href":"https:\/\/www.enportal.de\/connect\/wp-json\/wp\/v2\/posts"}],"about":[{"href":"https:\/\/www.enportal.de\/connect\/wp-json\/wp\/v2\/types\/post"}],"author":[{"embeddable":true,"href":"https:\/\/www.enportal.de\/connect\/wp-json\/wp\/v2\/users\/5"}],"replies":[{"embeddable":true,"href":"https:\/\/www.enportal.de\/connect\/wp-json\/wp\/v2\/comments?post=5085"}],"version-history":[{"count":6,"href":"https:\/\/www.enportal.de\/connect\/wp-json\/wp\/v2\/posts\/5085\/revisions"}],"predecessor-version":[{"id":5096,"href":"https:\/\/www.enportal.de\/connect\/wp-json\/wp\/v2\/posts\/5085\/revisions\/5096"}],"wp:featuredmedia":[{"embeddable":true,"href":"https:\/\/www.enportal.de\/connect\/wp-json\/wp\/v2\/media\/5093"}],"wp:attachment":[{"href":"https:\/\/www.enportal.de\/connect\/wp-json\/wp\/v2\/media?parent=5085"}],"wp:term":[{"taxonomy":"category","embeddable":true,"href":"https:\/\/www.enportal.de\/connect\/wp-json\/wp\/v2\/categories?post=5085"},{"taxonomy":"post_tag","embeddable":true,"href":"https:\/\/www.enportal.de\/connect\/wp-json\/wp\/v2\/tags?post=5085"}],"curies":[{"name":"wp","href":"https:\/\/api.w.org\/{rel}","templated":true}]}}